{"id":3154,"date":"2026-04-30T21:58:11","date_gmt":"2026-04-30T19:58:11","guid":{"rendered":"https:\/\/naturopathie.sobattitude.fr\/?p=3154"},"modified":"2026-04-30T21:58:12","modified_gmt":"2026-04-30T19:58:12","slug":"fatigue-emotionnelle-avant-burn-out","status":"publish","type":"post","link":"https:\/\/naturopathie.sobattitude.fr\/index.php\/2026\/04\/30\/fatigue-emotionnelle-avant-burn-out\/","title":{"rendered":"Comment reconna\u00eetre une fatigue \u00e9motionnelle avant le burn-out"},"content":{"rendered":"\n<figure class=\"wp-block-image size-large is-resized\"><img loading=\"lazy\" decoding=\"async\" width=\"683\" height=\"1024\" src=\"https:\/\/naturopathie.sobattitude.fr\/wp-content\/uploads\/2026\/04\/stress3-1-683x1024.jpg\" alt=\"\" class=\"wp-image-3155\" style=\"aspect-ratio:0.667022153279364;width:169px;height:auto\" srcset=\"https:\/\/naturopathie.sobattitude.fr\/wp-content\/uploads\/2026\/04\/stress3-1-683x1024.jpg 683w, https:\/\/naturopathie.sobattitude.fr\/wp-content\/uploads\/2026\/04\/stress3-1-200x300.jpg 200w, https:\/\/naturopathie.sobattitude.fr\/wp-content\/uploads\/2026\/04\/stress3-1-768x1152.jpg 768w, https:\/\/naturopathie.sobattitude.fr\/wp-content\/uploads\/2026\/04\/stress3-1-1024x1536.jpg 1024w, https:\/\/naturopathie.sobattitude.fr\/wp-content\/uploads\/2026\/04\/stress3-1-1365x2048.jpg 1365w, https:\/\/naturopathie.sobattitude.fr\/wp-content\/uploads\/2026\/04\/stress3-1-scaled.jpg 1707w\" sizes=\"auto, (max-width: 683px) 100vw, 683px\" \/><\/figure>\n\n\n\n<h2 class=\"wp-block-heading\">Comment reconna\u00eetre une fatigue \u00e9motionnelle avant le burn-out<\/h2>\n\n\n\n<p>Vous vous sentez \u00e9puis\u00e9e\u2026 mais pas seulement physiquement ?<br>Comme si votre t\u00eate ne s\u2019arr\u00eatait jamais, que tout vous demandait un effort immense, m\u00eame les choses les plus simples ?<\/p>\n\n\n\n<p>Et pourtant, malgr\u00e9 cette fatigue int\u00e9rieure, vous continuez.<br>Vous continuez \u00e0 g\u00e9rer le quotidien.<br>Malgr\u00e9 la fatigue, vous avancez encore.<br>Parfois, vous arrivez m\u00eame \u00e0 sourire.<\/p>\n\n\n\n<p>Mais au fond, quelque chose tire la sonnette d\u2019alarme.<\/p>\n\n\n\n<p>La fatigue \u00e9motionnelle est souvent le premier signal avant un burn-out. Le probl\u00e8me, c\u2019est qu\u2019elle s\u2019installe doucement, discr\u00e8tement\u2026 jusqu\u2019au jour o\u00f9 le corps et le mental disent stop.<\/p>\n\n\n\n<p>Alors comment reconna\u00eetre cette fatigue \u00e9motionnelle avant d\u2019en arriver \u00e0 l\u2019\u00e9puisement total ? Voici les signes \u00e0 \u00e9couter avec attention.<\/p>\n\n\n\n<hr class=\"wp-block-separator has-alpha-channel-opacity\"\/>\n\n\n\n<h2 class=\"wp-block-heading\">Qu\u2019est-ce que la fatigue \u00e9motionnelle ?<\/h2>\n\n\n\n<p>La fatigue \u00e9motionnelle correspond \u00e0 un \u00e9tat d\u2019\u00e9puisement int\u00e9rieur provoqu\u00e9 par une surcharge \u00e9motionnelle prolong\u00e9e.<\/p>\n\n\n\n<p>En r\u00e9alit\u00e9, ce n\u2019est pas \u201cjuste \u00eatre fatigu\u00e9e\u201d.<\/p>\n\n\n\n<p>C\u2019est avoir l\u2019impression :<\/p>\n\n\n\n<ul class=\"wp-block-list\">\n<li>de porter le poids du monde sur ses \u00e9paules,<\/li>\n\n\n\n<li>d\u2019\u00eatre constamment en vigilance,<\/li>\n\n\n\n<li>de ne plus r\u00e9ussir \u00e0 r\u00e9cup\u00e9rer vraiment,<\/li>\n\n\n\n<li>de ne plus avoir d\u2019\u00e9nergie mentale ou \u00e9motionnelle.<\/li>\n<\/ul>\n\n\n\n<p>Elle peut appara\u00eetre apr\u00e8s :<\/p>\n\n\n\n<ul class=\"wp-block-list\">\n<li>un stress chronique,<\/li>\n\n\n\n<li>des tensions familiales,<\/li>\n\n\n\n<li>une surcharge mentale,<\/li>\n\n\n\n<li>un travail prenant \u00e9motionnellement,<\/li>\n\n\n\n<li>un deuil,<\/li>\n\n\n\n<li>des conflits r\u00e9p\u00e9t\u00e9s,<\/li>\n\n\n\n<li>le fait de toujours penser aux autres avant soi.<\/li>\n<\/ul>\n\n\n\n<p>Et non, dormir un peu plus le week-end ne suffit g\u00e9n\u00e9ralement pas \u00e0 la faire dispara\u00eetre\u2026 sinon ce serait trop facile. \ud83d\ude09<\/p>\n\n\n\n<hr class=\"wp-block-separator has-alpha-channel-opacity\"\/>\n\n\n\n<h2 class=\"wp-block-heading\">Les premiers signes de fatigue \u00e9motionnelle<\/h2>\n\n\n\n<h3 class=\"wp-block-heading\">1. Vous vous sentez \u201cvid\u00e9e\u201d d\u00e8s le r\u00e9veil<\/h3>\n\n\n\n<p>M\u00eame apr\u00e8s une nuit correcte, vous ouvrez les yeux d\u00e9j\u00e0 fatigu\u00e9e.<\/p>\n\n\n\n<p>Comme si votre batterie interne ne rechargeait plus vraiment.<\/p>\n\n\n\n<p>Le corps est pr\u00e9sent\u2026 mais l\u2019\u00e9lan n\u2019y est plus.<\/p>\n\n\n\n<hr class=\"wp-block-separator has-alpha-channel-opacity\"\/>\n\n\n\n<h2 class=\"wp-block-heading\">2. Vous devenez irritable ou hypersensible<\/h2>\n\n\n\n<p>Un petit bruit vous agace.<br>Une remarque vous touche plus que d\u2019habitude.<br>Vous avez moins de patience.<\/p>\n\n\n\n<p>Quand le syst\u00e8me \u00e9motionnel est satur\u00e9, tout devient plus difficile \u00e0 g\u00e9rer.<\/p>\n\n\n\n<p>Certaines femmes se sentent \u201c\u00e0 fleur de peau\u201d, d\u2019autres au contraire deviennent plus froides \u00e9motionnellement.<\/p>\n\n\n\n<hr class=\"wp-block-separator has-alpha-channel-opacity\"\/>\n\n\n\n<h2 class=\"wp-block-heading\">3. Vous avez l\u2019impression de fonctionner en pilote automatique<\/h2>\n\n\n\n<p>Les t\u00e2ches du quotidien deviennent automatiques.<br>Vous continuez \u00e0 g\u00e9rer vos journ\u00e9es\u2026 mais sans r\u00e9ellement \u00eatre pr\u00e9sente.<\/p>\n\n\n\n<p>Beaucoup de femmes d\u00e9crivent cette sensation comme :<\/p>\n\n\n\n<blockquote class=\"wp-block-quote is-layout-flow wp-block-quote-is-layout-flow\">\n<p>\u201cJe fais tout ce qu\u2019il faut, mais je ne ressens plus grand-chose.\u201d<\/p>\n<\/blockquote>\n\n\n\n<hr class=\"wp-block-separator has-alpha-channel-opacity\"\/>\n\n\n\n<h2 class=\"wp-block-heading\">4. Vous perdez l\u2019envie de choses que vous aimiez avant<\/h2>\n\n\n\n<p>Lire, sortir, cuisiner, voir du monde, faire du sport, rire\u2026<\/p>\n\n\n\n<p>Ce qui vous faisait du bien demande d\u00e9sormais trop d\u2019\u00e9nergie.<\/p>\n\n\n\n<p>La fatigue \u00e9motionnelle coupe progressivement l\u2019acc\u00e8s au plaisir.<\/p>\n\n\n\n<hr class=\"wp-block-separator has-alpha-channel-opacity\"\/>\n\n\n\n<h2 class=\"wp-block-heading\">5. Votre charge mentale devient envahissante<\/h2>\n\n\n\n<p>Votre cerveau tourne en boucle :<\/p>\n\n\n\n<ul class=\"wp-block-list\">\n<li>listes,<\/li>\n\n\n\n<li>responsabilit\u00e9s,<\/li>\n\n\n\n<li>inqui\u00e9tudes,<\/li>\n\n\n\n<li>anticipation,<\/li>\n\n\n\n<li>culpabilit\u00e9,<\/li>\n\n\n\n<li>peur d\u2019oublier quelque chose.<\/li>\n<\/ul>\n\n\n\n<p>M\u00eame au repos, votre mental continue de \u201ctravailler\u201d.<\/p>\n\n\n\n<hr class=\"wp-block-separator has-alpha-channel-opacity\"\/>\n\n\n\n<h2 class=\"wp-block-heading\">6. Vous culpabilisez de ne plus r\u00e9ussir \u00e0 tout g\u00e9rer<\/h2>\n\n\n\n<p>C\u2019est souvent le pi\u00e8ge.<\/p>\n\n\n\n<p>Au lieu d\u2019\u00e9couter votre fatigue, vous vous dites :<\/p>\n\n\n\n<ul class=\"wp-block-list\">\n<li>\u201cJe devrais tenir.\u201d<\/li>\n\n\n\n<li>\u201cD\u2019autres y arrivent.\u201d<\/li>\n\n\n\n<li>\u201cJe suis faible.\u201d<\/li>\n\n\n\n<li>\u201cJe n\u2019ai pas le droit de craquer.\u201d<\/li>\n<\/ul>\n\n\n\n<p>Alors vous forcez encore davantage.<\/p>\n\n\n\n<p>Et c\u2019est souvent l\u00e0 que le burn-out se rapproche.<\/p>\n\n\n\n<hr class=\"wp-block-separator has-alpha-channel-opacity\"\/>\n\n\n\n<h2 class=\"wp-block-heading\">Quelle diff\u00e9rence entre fatigue \u00e9motionnelle et burn-out ?<\/h2>\n\n\n\n<p>La fatigue \u00e9motionnelle est un signal d\u2019alerte.<br>Le burn-out correspond \u00e0 un \u00e9tat d\u2019effondrement plus profond.<\/p>\n\n\n\n<p>Avant le burn-out, il y a souvent :<\/p>\n\n\n\n<ul class=\"wp-block-list\">\n<li>des mois de surcharge,<\/li>\n\n\n\n<li>un stress continu,<\/li>\n\n\n\n<li>des \u00e9motions non exprim\u00e9es,<\/li>\n\n\n\n<li>un d\u00e9passement constant de ses limites.<\/li>\n<\/ul>\n\n\n\n<p>Reconna\u00eetre la fatigue \u00e9motionnelle t\u00f4t permet justement d\u2019\u00e9viter d\u2019aller jusqu\u2019\u00e0 l\u2019\u00e9puisement complet.<\/p>\n\n\n\n<hr class=\"wp-block-separator has-alpha-channel-opacity\"\/>\n\n\n\n<h2 class=\"wp-block-heading\">Pourquoi certaines femmes sont plus touch\u00e9es ?<\/h2>\n\n\n\n<p>Les femmes qui vivent une fatigue \u00e9motionnelle importante sont souvent :<\/p>\n\n\n\n<ul class=\"wp-block-list\">\n<li>tr\u00e8s empathiques,<\/li>\n\n\n\n<li>perfectionnistes,<\/li>\n\n\n\n<li>habitu\u00e9es \u00e0 prendre soin des autres,<\/li>\n\n\n\n<li>exigeantes avec elles-m\u00eames,<\/li>\n\n\n\n<li>dans le contr\u00f4le,<\/li>\n\n\n\n<li>incapables de \u201cl\u00e2cher\u201d.<\/li>\n<\/ul>\n\n\n\n<p>Elles portent beaucoup\u2026 souvent en silence.<\/p>\n\n\n\n<p>Et avec le temps, le corps finit par r\u00e9clamer une pause que l\u2019esprit refuse encore.<\/p>\n\n\n\n<hr class=\"wp-block-separator has-alpha-channel-opacity\"\/>\n\n\n\n<h2 class=\"wp-block-heading\">Comment \u00e9viter que cela \u00e9volue vers un burn-out ?<\/h2>\n\n\n\n<h3 class=\"wp-block-heading\">Commencer par \u00e9couter les signaux<\/h3>\n\n\n\n<p>Le probl\u00e8me n\u2019est pas d\u2019\u00eatre fatigu\u00e9e.<\/p>\n\n\n\n<p>Le probl\u00e8me, c\u2019est de continuer \u00e0 ignorer cette fatigue pendant des mois.<\/p>\n\n\n\n<p>Votre corps ne vous \u201cl\u00e2che\u201d pas.<br>Il essaie souvent de vous prot\u00e9ger avant l\u2019effondrement.<\/p>\n\n\n\n<hr class=\"wp-block-separator has-alpha-channel-opacity\"\/>\n\n\n\n<h3 class=\"wp-block-heading\">R\u00e9duire la pression int\u00e9rieure<\/h3>\n\n\n\n<p>Vous n\u2019avez pas besoin d\u2019\u00eatre parfaite pour avoir de la valeur.<\/p>\n\n\n\n<p>Apprendre \u00e0 :<\/p>\n\n\n\n<ul class=\"wp-block-list\">\n<li>ralentir,<\/li>\n\n\n\n<li>d\u00e9l\u00e9guer,<\/li>\n\n\n\n<li>poser des limites,<\/li>\n\n\n\n<li>dire non,<\/li>\n\n\n\n<li>arr\u00eater de tout porter seule,<\/li>\n<\/ul>\n\n\n\n<p>peut d\u00e9j\u00e0 changer \u00e9norm\u00e9ment de choses.<\/p>\n\n\n\n<hr class=\"wp-block-separator has-alpha-channel-opacity\"\/>\n\n\n\n<h3 class=\"wp-block-heading\">Lib\u00e9rer la charge \u00e9motionnelle<\/h3>\n\n\n\n<p>Les \u00e9motions accumul\u00e9es finissent par \u00e9puiser le syst\u00e8me nerveux.<\/p>\n\n\n\n<p>Parler, \u00e9crire, respirer, \u00eatre accompagn\u00e9e, travailler sur ses \u00e9motions profondes\u2026 permet souvent de retrouver progressivement de l\u2019espace int\u00e9rieur.<\/p>\n\n\n\n<hr class=\"wp-block-separator has-alpha-channel-opacity\"\/>\n\n\n\n<h2 class=\"wp-block-heading\">Mon accompagnent va vous aider \u00e0 apaiser cette surcharge \u00e9motionnelle<\/h2>\n\n\n\n<p>Quand le mental tourne sans arr\u00eat, il devient difficile de \u201ccouper\u201d.<\/p>\n\n\n\n<p>Je vous aide \u00e0 :<\/p>\n\n\n\n<ul class=\"wp-block-list\">\n<li>calmer le syst\u00e8me nerveux,<\/li>\n\n\n\n<li>r\u00e9duire les tensions \u00e9motionnelles,<\/li>\n\n\n\n<li>retrouver un apaisement int\u00e9rieur,<\/li>\n\n\n\n<li>rel\u00e2cher la pression mentale,<\/li>\n\n\n\n<li>reconnecter avec ses besoins profonds.<\/li>\n<\/ul>\n\n\n\n<p>Mon accompagnement vous aide \u00e0 sortir progressivement du mode survie dans lequel beaucoup de femmes restent bloqu\u00e9es pendant des mois.<\/p>\n\n\n\n<p>\ud83d\udc49 <a href=\"https:\/\/naturopathie.sobattitude.fr\/index.php\/accompagnement-de-la-fatigue-et-de-lepuisement\/\" type=\"link\" id=\"https:\/\/naturopathie.sobattitude.fr\/index.php\/accompagnement-de-la-fatigue-et-de-lepuisement\/\">D\u00e9couvrez mon accompagnement d\u00e9di\u00e9<\/a> <\/p>\n\n\n\n<hr class=\"wp-block-separator has-alpha-channel-opacity\"\/>\n\n\n\n<h2 class=\"wp-block-heading\">Conclusion<\/h2>\n\n\n\n<p>La fatigue \u00e9motionnelle ne doit pas \u00eatre minimis\u00e9e.<\/p>\n\n\n\n<p>Ce n\u2019est pas \u201cdans votre t\u00eate\u201d.<br>Ce n\u2019est pas un manque de volont\u00e9.<br>Et ce n\u2019est pas une faiblesse.<\/p>\n\n\n\n<p>C\u2019est souvent le signe qu\u2019une partie de vous est en surcharge depuis trop longtemps.<\/p>\n\n\n\n<p>Plus vous \u00e9coutez ces signaux t\u00f4t, plus il est possible d\u2019\u00e9viter l\u2019\u00e9puisement profond.<\/p>\n\n\n\n<p>Et parfois, le vrai courage n\u2019est pas de continuer \u00e0 tenir\u2026<br>mais d\u2019accepter enfin de prendre soin de vous.<\/p>\n\n\n\n<h2 class=\"wp-block-heading\">Prendre rendez-vous<\/h2>\n\n\n\n<p>Si vous sentez que c\u2019est le bon moment pour vous, vous pouvez prendre rendez-vous pour en parler ensemble (accompagnement au cabinet ou en visioconf\u00e9rence)<\/p>\n\n\n\n<p><a href=\"https:\/\/perfactive.fr\/naturopathe\/saint-germain-les-corbeil\/sophie-ballet\" target=\"_blank\" rel=\"noreferrer noopener\">Prendre RdV<\/a><\/p>\n","protected":false},"excerpt":{"rendered":"<p>Comment reconna\u00eetre une fatigue \u00e9motionnelle avant le burn-out Vous vous sentez \u00e9puis\u00e9e\u2026 mais pas seulement physiquement ?Comme si votre t\u00eate ne s\u2019arr\u00eatait jamais, que tout vous demandait un effort immense, m\u00eame les choses les plus simples ? Et pourtant, malgr\u00e9 cette fatigue int\u00e9rieure, vous continuez.Vous continuez \u00e0 g\u00e9rer le quotidien.Malgr\u00e9 la fatigue, vous avancez encore.Parfois,&#8230;<\/p>\n","protected":false},"author":1,"featured_media":0,"comment_status":"closed","ping_status":"closed","sticky":false,"template":"","format":"standard","meta":{"_kad_post_transparent":"","_kad_post_title":"","_kad_post_layout":"","_kad_post_sidebar_id":"","_kad_post_content_style":"","_kad_post_vertical_padding":"","_kad_post_feature":"","_kad_post_feature_position":"","_kad_post_header":false,"_kad_post_footer":false,"_kad_post_classname":"","footnotes":""},"categories":[36],"tags":[],"class_list":["post-3154","post","type-post","status-publish","format-standard","hentry","category-emotions"],"yoast_head":"<!-- This site is optimized with the Yoast SEO plugin v27.5 - https:\/\/yoast.com\/product\/yoast-seo-wordpress\/ -->\n<title>Comment reconna\u00eetre une fatigue \u00e9motionnelle avant le burn-out -<\/title>\n<meta name=\"description\" content=\"D\u00e9couvrez les signes de fatigue \u00e9motionnelle avant le burn-out et apprenez \u00e0 \u00e9couter votre corps avant l\u2019\u00e9puisement total.\" \/>\n<meta name=\"robots\" content=\"index, follow, max-snippet:-1, max-image-preview:large, max-video-preview:-1\" \/>\n<link rel=\"canonical\" href=\"https:\/\/naturopathie.sobattitude.fr\/index.php\/2026\/04\/30\/fatigue-emotionnelle-avant-burn-out\/\" \/>\n<meta property=\"og:locale\" content=\"fr_FR\" \/>\n<meta property=\"og:type\" content=\"article\" \/>\n<meta property=\"og:title\" content=\"Comment reconna\u00eetre une fatigue \u00e9motionnelle avant le burn-out -\" \/>\n<meta property=\"og:description\" content=\"D\u00e9couvrez les signes de fatigue \u00e9motionnelle avant le burn-out et apprenez \u00e0 \u00e9couter votre corps avant l\u2019\u00e9puisement total.\" \/>\n<meta property=\"og:url\" content=\"https:\/\/naturopathie.sobattitude.fr\/index.php\/2026\/04\/30\/fatigue-emotionnelle-avant-burn-out\/\" \/>\n<meta property=\"article:published_time\" content=\"2026-04-30T19:58:11+00:00\" \/>\n<meta property=\"article:modified_time\" content=\"2026-04-30T19:58:12+00:00\" \/>\n<meta property=\"og:image\" content=\"https:\/\/naturopathie.sobattitude.fr\/wp-content\/uploads\/2026\/04\/stress3-1-scaled.jpg\" \/>\n\t<meta property=\"og:image:width\" content=\"1707\" \/>\n\t<meta property=\"og:image:height\" content=\"2560\" \/>\n\t<meta property=\"og:image:type\" content=\"image\/jpeg\" \/>\n<meta name=\"author\" content=\"Sophie BALLET\" \/>\n<meta name=\"twitter:card\" content=\"summary_large_image\" \/>\n<meta name=\"twitter:label1\" content=\"\u00c9crit par\" \/>\n\t<meta name=\"twitter:data1\" content=\"Sophie BALLET\" \/>\n\t<meta name=\"twitter:label2\" content=\"Dur\u00e9e de lecture estim\u00e9e\" \/>\n\t<meta name=\"twitter:data2\" content=\"5 minutes\" \/>\n<script type=\"application\/ld+json\" class=\"yoast-schema-graph\">{\"@context\":\"https:\\\/\\\/schema.org\",\"@graph\":[{\"@type\":\"Article\",\"@id\":\"https:\\\/\\\/naturopathie.sobattitude.fr\\\/index.php\\\/2026\\\/04\\\/30\\\/fatigue-emotionnelle-avant-burn-out\\\/#article\",\"isPartOf\":{\"@id\":\"https:\\\/\\\/naturopathie.sobattitude.fr\\\/index.php\\\/2026\\\/04\\\/30\\\/fatigue-emotionnelle-avant-burn-out\\\/\"},\"author\":{\"name\":\"Sophie BALLET\",\"@id\":\"https:\\\/\\\/naturopathie.sobattitude.fr\\\/#\\\/schema\\\/person\\\/c9547d3d8c930dffc661eae57cacc09b\"},\"headline\":\"Comment reconna\u00eetre une fatigue \u00e9motionnelle avant le burn-out\",\"datePublished\":\"2026-04-30T19:58:11+00:00\",\"dateModified\":\"2026-04-30T19:58:12+00:00\",\"mainEntityOfPage\":{\"@id\":\"https:\\\/\\\/naturopathie.sobattitude.fr\\\/index.php\\\/2026\\\/04\\\/30\\\/fatigue-emotionnelle-avant-burn-out\\\/\"},\"wordCount\":1010,\"image\":{\"@id\":\"https:\\\/\\\/naturopathie.sobattitude.fr\\\/index.php\\\/2026\\\/04\\\/30\\\/fatigue-emotionnelle-avant-burn-out\\\/#primaryimage\"},\"thumbnailUrl\":\"https:\\\/\\\/naturopathie.sobattitude.fr\\\/wp-content\\\/uploads\\\/2026\\\/04\\\/stress3-1-683x1024.jpg\",\"articleSection\":[\"\u00c9motions &amp; Hypersensibilit\u00e9\"],\"inLanguage\":\"fr-FR\"},{\"@type\":\"WebPage\",\"@id\":\"https:\\\/\\\/naturopathie.sobattitude.fr\\\/index.php\\\/2026\\\/04\\\/30\\\/fatigue-emotionnelle-avant-burn-out\\\/\",\"url\":\"https:\\\/\\\/naturopathie.sobattitude.fr\\\/index.php\\\/2026\\\/04\\\/30\\\/fatigue-emotionnelle-avant-burn-out\\\/\",\"name\":\"Comment reconna\u00eetre une fatigue \u00e9motionnelle avant le burn-out -\",\"isPartOf\":{\"@id\":\"https:\\\/\\\/naturopathie.sobattitude.fr\\\/#website\"},\"primaryImageOfPage\":{\"@id\":\"https:\\\/\\\/naturopathie.sobattitude.fr\\\/index.php\\\/2026\\\/04\\\/30\\\/fatigue-emotionnelle-avant-burn-out\\\/#primaryimage\"},\"image\":{\"@id\":\"https:\\\/\\\/naturopathie.sobattitude.fr\\\/index.php\\\/2026\\\/04\\\/30\\\/fatigue-emotionnelle-avant-burn-out\\\/#primaryimage\"},\"thumbnailUrl\":\"https:\\\/\\\/naturopathie.sobattitude.fr\\\/wp-content\\\/uploads\\\/2026\\\/04\\\/stress3-1-683x1024.jpg\",\"datePublished\":\"2026-04-30T19:58:11+00:00\",\"dateModified\":\"2026-04-30T19:58:12+00:00\",\"author\":{\"@id\":\"https:\\\/\\\/naturopathie.sobattitude.fr\\\/#\\\/schema\\\/person\\\/c9547d3d8c930dffc661eae57cacc09b\"},\"description\":\"D\u00e9couvrez les signes de fatigue \u00e9motionnelle avant le burn-out et apprenez \u00e0 \u00e9couter votre corps avant l\u2019\u00e9puisement total.\",\"breadcrumb\":{\"@id\":\"https:\\\/\\\/naturopathie.sobattitude.fr\\\/index.php\\\/2026\\\/04\\\/30\\\/fatigue-emotionnelle-avant-burn-out\\\/#breadcrumb\"},\"inLanguage\":\"fr-FR\",\"potentialAction\":[{\"@type\":\"ReadAction\",\"target\":[\"https:\\\/\\\/naturopathie.sobattitude.fr\\\/index.php\\\/2026\\\/04\\\/30\\\/fatigue-emotionnelle-avant-burn-out\\\/\"]}]},{\"@type\":\"ImageObject\",\"inLanguage\":\"fr-FR\",\"@id\":\"https:\\\/\\\/naturopathie.sobattitude.fr\\\/index.php\\\/2026\\\/04\\\/30\\\/fatigue-emotionnelle-avant-burn-out\\\/#primaryimage\",\"url\":\"https:\\\/\\\/naturopathie.sobattitude.fr\\\/wp-content\\\/uploads\\\/2026\\\/04\\\/stress3-1-scaled.jpg\",\"contentUrl\":\"https:\\\/\\\/naturopathie.sobattitude.fr\\\/wp-content\\\/uploads\\\/2026\\\/04\\\/stress3-1-scaled.jpg\",\"width\":1707,\"height\":2560},{\"@type\":\"BreadcrumbList\",\"@id\":\"https:\\\/\\\/naturopathie.sobattitude.fr\\\/index.php\\\/2026\\\/04\\\/30\\\/fatigue-emotionnelle-avant-burn-out\\\/#breadcrumb\",\"itemListElement\":[{\"@type\":\"ListItem\",\"position\":1,\"name\":\"Accueil\",\"item\":\"https:\\\/\\\/naturopathie.sobattitude.fr\\\/\"},{\"@type\":\"ListItem\",\"position\":2,\"name\":\"Comment reconna\u00eetre une fatigue \u00e9motionnelle avant le burn-out\"}]},{\"@type\":\"WebSite\",\"@id\":\"https:\\\/\\\/naturopathie.sobattitude.fr\\\/#website\",\"url\":\"https:\\\/\\\/naturopathie.sobattitude.fr\\\/\",\"name\":\"\",\"description\":\"\",\"potentialAction\":[{\"@type\":\"SearchAction\",\"target\":{\"@type\":\"EntryPoint\",\"urlTemplate\":\"https:\\\/\\\/naturopathie.sobattitude.fr\\\/?s={search_term_string}\"},\"query-input\":{\"@type\":\"PropertyValueSpecification\",\"valueRequired\":true,\"valueName\":\"search_term_string\"}}],\"inLanguage\":\"fr-FR\"},{\"@type\":\"Person\",\"@id\":\"https:\\\/\\\/naturopathie.sobattitude.fr\\\/#\\\/schema\\\/person\\\/c9547d3d8c930dffc661eae57cacc09b\",\"name\":\"Sophie BALLET\",\"image\":{\"@type\":\"ImageObject\",\"inLanguage\":\"fr-FR\",\"@id\":\"https:\\\/\\\/secure.gravatar.com\\\/avatar\\\/f3f378352b89d44507ccd4ff14eaff1a81efbaf406d9c666bae6e82ff1f247b7?s=96&d=mm&r=g\",\"url\":\"https:\\\/\\\/secure.gravatar.com\\\/avatar\\\/f3f378352b89d44507ccd4ff14eaff1a81efbaf406d9c666bae6e82ff1f247b7?s=96&d=mm&r=g\",\"contentUrl\":\"https:\\\/\\\/secure.gravatar.com\\\/avatar\\\/f3f378352b89d44507ccd4ff14eaff1a81efbaf406d9c666bae6e82ff1f247b7?s=96&d=mm&r=g\",\"caption\":\"Sophie BALLET\"},\"url\":\"https:\\\/\\\/naturopathie.sobattitude.fr\\\/index.php\\\/author\\\/admin5535\\\/\"}]}<\/script>\n<!-- \/ Yoast SEO plugin. -->","yoast_head_json":{"title":"Comment reconna\u00eetre une fatigue \u00e9motionnelle avant le burn-out -","description":"D\u00e9couvrez les signes de fatigue \u00e9motionnelle avant le burn-out et apprenez \u00e0 \u00e9couter votre corps avant l\u2019\u00e9puisement total.","robots":{"index":"index","follow":"follow","max-snippet":"max-snippet:-1","max-image-preview":"max-image-preview:large","max-video-preview":"max-video-preview:-1"},"canonical":"https:\/\/naturopathie.sobattitude.fr\/index.php\/2026\/04\/30\/fatigue-emotionnelle-avant-burn-out\/","og_locale":"fr_FR","og_type":"article","og_title":"Comment reconna\u00eetre une fatigue \u00e9motionnelle avant le burn-out -","og_description":"D\u00e9couvrez les signes de fatigue \u00e9motionnelle avant le burn-out et apprenez \u00e0 \u00e9couter votre corps avant l\u2019\u00e9puisement total.","og_url":"https:\/\/naturopathie.sobattitude.fr\/index.php\/2026\/04\/30\/fatigue-emotionnelle-avant-burn-out\/","article_published_time":"2026-04-30T19:58:11+00:00","article_modified_time":"2026-04-30T19:58:12+00:00","og_image":[{"width":1707,"height":2560,"url":"https:\/\/naturopathie.sobattitude.fr\/wp-content\/uploads\/2026\/04\/stress3-1-scaled.jpg","type":"image\/jpeg"}],"author":"Sophie BALLET","twitter_card":"summary_large_image","twitter_misc":{"\u00c9crit par":"Sophie BALLET","Dur\u00e9e de lecture estim\u00e9e":"5 minutes"},"schema":{"@context":"https:\/\/schema.org","@graph":[{"@type":"Article","@id":"https:\/\/naturopathie.sobattitude.fr\/index.php\/2026\/04\/30\/fatigue-emotionnelle-avant-burn-out\/#article","isPartOf":{"@id":"https:\/\/naturopathie.sobattitude.fr\/index.php\/2026\/04\/30\/fatigue-emotionnelle-avant-burn-out\/"},"author":{"name":"Sophie BALLET","@id":"https:\/\/naturopathie.sobattitude.fr\/#\/schema\/person\/c9547d3d8c930dffc661eae57cacc09b"},"headline":"Comment reconna\u00eetre une fatigue \u00e9motionnelle avant le burn-out","datePublished":"2026-04-30T19:58:11+00:00","dateModified":"2026-04-30T19:58:12+00:00","mainEntityOfPage":{"@id":"https:\/\/naturopathie.sobattitude.fr\/index.php\/2026\/04\/30\/fatigue-emotionnelle-avant-burn-out\/"},"wordCount":1010,"image":{"@id":"https:\/\/naturopathie.sobattitude.fr\/index.php\/2026\/04\/30\/fatigue-emotionnelle-avant-burn-out\/#primaryimage"},"thumbnailUrl":"https:\/\/naturopathie.sobattitude.fr\/wp-content\/uploads\/2026\/04\/stress3-1-683x1024.jpg","articleSection":["\u00c9motions &amp; Hypersensibilit\u00e9"],"inLanguage":"fr-FR"},{"@type":"WebPage","@id":"https:\/\/naturopathie.sobattitude.fr\/index.php\/2026\/04\/30\/fatigue-emotionnelle-avant-burn-out\/","url":"https:\/\/naturopathie.sobattitude.fr\/index.php\/2026\/04\/30\/fatigue-emotionnelle-avant-burn-out\/","name":"Comment reconna\u00eetre une fatigue \u00e9motionnelle avant le burn-out -","isPartOf":{"@id":"https:\/\/naturopathie.sobattitude.fr\/#website"},"primaryImageOfPage":{"@id":"https:\/\/naturopathie.sobattitude.fr\/index.php\/2026\/04\/30\/fatigue-emotionnelle-avant-burn-out\/#primaryimage"},"image":{"@id":"https:\/\/naturopathie.sobattitude.fr\/index.php\/2026\/04\/30\/fatigue-emotionnelle-avant-burn-out\/#primaryimage"},"thumbnailUrl":"https:\/\/naturopathie.sobattitude.fr\/wp-content\/uploads\/2026\/04\/stress3-1-683x1024.jpg","datePublished":"2026-04-30T19:58:11+00:00","dateModified":"2026-04-30T19:58:12+00:00","author":{"@id":"https:\/\/naturopathie.sobattitude.fr\/#\/schema\/person\/c9547d3d8c930dffc661eae57cacc09b"},"description":"D\u00e9couvrez les signes de fatigue \u00e9motionnelle avant le burn-out et apprenez \u00e0 \u00e9couter votre corps avant l\u2019\u00e9puisement total.","breadcrumb":{"@id":"https:\/\/naturopathie.sobattitude.fr\/index.php\/2026\/04\/30\/fatigue-emotionnelle-avant-burn-out\/#breadcrumb"},"inLanguage":"fr-FR","potentialAction":[{"@type":"ReadAction","target":["https:\/\/naturopathie.sobattitude.fr\/index.php\/2026\/04\/30\/fatigue-emotionnelle-avant-burn-out\/"]}]},{"@type":"ImageObject","inLanguage":"fr-FR","@id":"https:\/\/naturopathie.sobattitude.fr\/index.php\/2026\/04\/30\/fatigue-emotionnelle-avant-burn-out\/#primaryimage","url":"https:\/\/naturopathie.sobattitude.fr\/wp-content\/uploads\/2026\/04\/stress3-1-scaled.jpg","contentUrl":"https:\/\/naturopathie.sobattitude.fr\/wp-content\/uploads\/2026\/04\/stress3-1-scaled.jpg","width":1707,"height":2560},{"@type":"BreadcrumbList","@id":"https:\/\/naturopathie.sobattitude.fr\/index.php\/2026\/04\/30\/fatigue-emotionnelle-avant-burn-out\/#breadcrumb","itemListElement":[{"@type":"ListItem","position":1,"name":"Accueil","item":"https:\/\/naturopathie.sobattitude.fr\/"},{"@type":"ListItem","position":2,"name":"Comment reconna\u00eetre une fatigue \u00e9motionnelle avant le burn-out"}]},{"@type":"WebSite","@id":"https:\/\/naturopathie.sobattitude.fr\/#website","url":"https:\/\/naturopathie.sobattitude.fr\/","name":"","description":"","potentialAction":[{"@type":"SearchAction","target":{"@type":"EntryPoint","urlTemplate":"https:\/\/naturopathie.sobattitude.fr\/?s={search_term_string}"},"query-input":{"@type":"PropertyValueSpecification","valueRequired":true,"valueName":"search_term_string"}}],"inLanguage":"fr-FR"},{"@type":"Person","@id":"https:\/\/naturopathie.sobattitude.fr\/#\/schema\/person\/c9547d3d8c930dffc661eae57cacc09b","name":"Sophie BALLET","image":{"@type":"ImageObject","inLanguage":"fr-FR","@id":"https:\/\/secure.gravatar.com\/avatar\/f3f378352b89d44507ccd4ff14eaff1a81efbaf406d9c666bae6e82ff1f247b7?s=96&d=mm&r=g","url":"https:\/\/secure.gravatar.com\/avatar\/f3f378352b89d44507ccd4ff14eaff1a81efbaf406d9c666bae6e82ff1f247b7?s=96&d=mm&r=g","contentUrl":"https:\/\/secure.gravatar.com\/avatar\/f3f378352b89d44507ccd4ff14eaff1a81efbaf406d9c666bae6e82ff1f247b7?s=96&d=mm&r=g","caption":"Sophie BALLET"},"url":"https:\/\/naturopathie.sobattitude.fr\/index.php\/author\/admin5535\/"}]}},"_links":{"self":[{"href":"https:\/\/naturopathie.sobattitude.fr\/index.php\/wp-json\/wp\/v2\/posts\/3154","targetHints":{"allow":["GET"]}}],"collection":[{"href":"https:\/\/naturopathie.sobattitude.fr\/index.php\/wp-json\/wp\/v2\/posts"}],"about":[{"href":"https:\/\/naturopathie.sobattitude.fr\/index.php\/wp-json\/wp\/v2\/types\/post"}],"author":[{"embeddable":true,"href":"https:\/\/naturopathie.sobattitude.fr\/index.php\/wp-json\/wp\/v2\/users\/1"}],"replies":[{"embeddable":true,"href":"https:\/\/naturopathie.sobattitude.fr\/index.php\/wp-json\/wp\/v2\/comments?post=3154"}],"version-history":[{"count":1,"href":"https:\/\/naturopathie.sobattitude.fr\/index.php\/wp-json\/wp\/v2\/posts\/3154\/revisions"}],"predecessor-version":[{"id":3156,"href":"https:\/\/naturopathie.sobattitude.fr\/index.php\/wp-json\/wp\/v2\/posts\/3154\/revisions\/3156"}],"wp:attachment":[{"href":"https:\/\/naturopathie.sobattitude.fr\/index.php\/wp-json\/wp\/v2\/media?parent=3154"}],"wp:term":[{"taxonomy":"category","embeddable":true,"href":"https:\/\/naturopathie.sobattitude.fr\/index.php\/wp-json\/wp\/v2\/categories?post=3154"},{"taxonomy":"post_tag","embeddable":true,"href":"https:\/\/naturopathie.sobattitude.fr\/index.php\/wp-json\/wp\/v2\/tags?post=3154"}],"curies":[{"name":"wp","href":"https:\/\/api.w.org\/{rel}","templated":true}]}}